{"id":197,"date":"2023-08-25T12:16:31","date_gmt":"2023-08-25T12:16:31","guid":{"rendered":"https:\/\/ceferino.ch\/?p=197"},"modified":"2023-08-25T14:18:44","modified_gmt":"2023-08-25T14:18:44","slug":"je-suis-catholique-2","status":"publish","type":"post","link":"https:\/\/ceferino.ch\/index.php\/2023\/08\/25\/je-suis-catholique-2\/","title":{"rendered":"Je suis catholique"},"content":{"rendered":"\n<p>Je ne suis pas catholique \u00e0 cause des pr\u00eatres, y compris les meilleurs. Et ils sont nombreux.<\/p>\n\n\n\n<p>Je ne suis pas catholique \u00e0 cause des \u00e9v\u00eaques, y compris tous les pasteurs authentiques, proches et serviteurs de leur communaut\u00e9.<\/p>\n\n\n\n<p>Je ne suis pas catholique \u00e0 cause du pape, pas m\u00eame le plus engag\u00e9 aupr\u00e8s des d\u00e9sh\u00e9rit\u00e9s de notre temps.<\/p>\n\n\n\n<p>Je suis catholique \u00e0 cause de l\u2019amour de Dieu pour les plus vuln\u00e9rables.<\/p>\n\n\n\n<p>Je suis catholique \u00e0 cause de J\u00e9sus, vrai homme, mortel, comme chacun.<\/p>\n\n\n\n<p>Je suis catholique \u00e0 cause de J\u00e9sus, le Christ, homme totalement vrai, accomplissant ce qu\u2019il dit, donnant toute la vie pour ceux qu\u2019il aime : notre humanit\u00e9 pr\u00e9caire, boulevers\u00e9e et malmen\u00e9e par le tragique de la vie. Notre humanit\u00e9 parfois fracass\u00e9e par des pr\u00e9dateurs, au sein m\u00eame de la maison qui devrait \u00eatre la plus s\u00fbre : l\u2019Eglise du Christ.<\/p>\n\n\n\n<p>Je suis catholique \u00e0 cause de l&#8217;Eucharistie, o\u00f9 nous devenons le corps que nous recevons. O\u00f9 nous sommes convoqu\u00e9s \u00e0 vivre de la vie du Christ, du creux de nos simples existences ordinaires. Sans banderole et sans publicit\u00e9.<\/p>\n\n\n\n<p>Je suis catholique parce que je crois la parole de Dieu, celle qui me raconte que mon Dieu a pris la d\u00e9cision de faire alliance avec l\u2019humanit\u00e9, de la sauver de l\u2019esclavage et du d\u00e9sespoir. La Parole de Dieu qui me raconte un Dieu qui d\u00e9cide, gratuitement, par pur amour, de venir s\u2019asseoir \u00e0 la table de mon existence. De toute existence, pour la partager.<\/p>\n\n\n\n<p>Je suis catholique, et du c\u0153ur de l\u2019hiver de l\u2019\u00c9glise, o\u00f9 nous sommes de par la monstruosit\u00e9 des abus et des crimes et la fa\u00e7on dont ils ont \u00e9t\u00e9 impun\u00e9ment d\u00e9rob\u00e9s \u00e0 la vue de la justice et de la v\u00e9rit\u00e9, je tente d\u00e9cid\u00e9ment de devenir disciple du Christ jour apr\u00e8s jour.<\/p>\n\n\n\n<p>Je crois de toute mon \u00e2me, de tout mon c\u0153ur, de toutes ma volont\u00e9 et ma pauvre intelligence, que le mal et le mensonge ne l\u2019emporteront pas.<\/p>\n\n\n\n<p>L\u00e0 est mon engagement de tous les jours et mon esp\u00e9rance. Je supplie qu\u2019ils soient toujours plus forts que ma col\u00e8re, mon accablement et mon immense chagrin. Une col\u00e8re, un accablement et un chagrin qui sont peu de choses \u00e0 c\u00f4t\u00e9 de ceux des victimes.<\/p>\n\n\n\n<div style=\"height:18px\" aria-hidden=\"true\" class=\"wp-block-spacer\"><\/div>\n\n\n\n<p><em>S\u0153ur V\u00e9ronique Margron, Dominicaine, th\u00e9ologienne et pr\u00e9sidente de la Conf\u00e9rence des religieux et religieuses en France (CORREF)<\/em><\/p>\n","protected":false},"excerpt":{"rendered":"<p>Je ne suis pas catholique \u00e0 cause des pr\u00eatres, y compris les meilleurs. Et ils sont nombreux. Je ne suis pas catholique \u00e0 cause des \u00e9v\u00eaques, y compris tous les pasteurs authentiques, proches et serviteurs de leur communaut\u00e9. Je ne suis pas catholique \u00e0 cause du pape, pas m\u00eame le plus engag\u00e9 aupr\u00e8s des d\u00e9sh\u00e9rit\u00e9s [&hellip;]<\/p>\n","protected":false},"author":1,"featured_media":206,"comment_status":"closed","ping_status":"closed","sticky":false,"template":"","format":"standard","meta":{"_jetpack_memberships_contains_paid_content":false,"footnotes":""},"categories":[10],"tags":[],"class_list":["post-197","post","type-post","status-publish","format-standard","has-post-thumbnail","hentry","category-uncategorized-fr"],"yoast_head":"<!-- This site is optimized with the Yoast SEO plugin v27.3 - https:\/\/yoast.com\/product\/yoast-seo-wordpress\/ -->\n<title>Je suis catholique - Aum\u00f4nerie des Gens du Voyage<\/title>\n<meta name=\"robots\" content=\"index, follow, max-snippet:-1, max-image-preview:large, max-video-preview:-1\" \/>\n<link rel=\"canonical\" href=\"https:\/\/ceferino.ch\/index.php\/fr\/2023\/08\/25\/je-suis-catholique-2\/\" \/>\n<meta property=\"og:locale\" content=\"de_DE\" \/>\n<meta property=\"og:type\" content=\"article\" \/>\n<meta property=\"og:title\" content=\"Je suis catholique - Aum\u00f4nerie des Gens du Voyage\" \/>\n<meta property=\"og:description\" content=\"Je ne suis pas catholique \u00e0 cause des pr\u00eatres, y compris les meilleurs. Et ils sont nombreux. Je ne suis pas catholique \u00e0 cause des \u00e9v\u00eaques, y compris tous les pasteurs authentiques, proches et serviteurs de leur communaut\u00e9. Je ne suis pas catholique \u00e0 cause du pape, pas m\u00eame le plus engag\u00e9 aupr\u00e8s des d\u00e9sh\u00e9rit\u00e9s [&hellip;]\" \/>\n<meta property=\"og:url\" content=\"https:\/\/ceferino.ch\/index.php\/fr\/2023\/08\/25\/je-suis-catholique-2\/\" \/>\n<meta property=\"og:site_name\" content=\"Aum\u00f4nerie des Gens du Voyage\" \/>\n<meta property=\"article:published_time\" content=\"2023-08-25T12:16:31+00:00\" \/>\n<meta property=\"article:modified_time\" content=\"2023-08-25T14:18:44+00:00\" \/>\n<meta property=\"og:image\" content=\"https:\/\/ceferino.ch\/wp-content\/uploads\/2023\/08\/chery-jacques-richard_tree-of-life-mvg.jpg\" \/>\n\t<meta property=\"og:image:width\" content=\"1024\" \/>\n\t<meta property=\"og:image:height\" content=\"711\" \/>\n\t<meta property=\"og:image:type\" content=\"image\/jpeg\" \/>\n<meta name=\"author\" content=\"admin\" \/>\n<meta name=\"twitter:card\" content=\"summary_large_image\" \/>\n<meta name=\"twitter:label1\" content=\"Geschrieben von\" \/>\n\t<meta name=\"twitter:data1\" content=\"admin\" \/>\n\t<meta name=\"twitter:label2\" content=\"Gesch\u00e4tzte Lesezeit\" \/>\n\t<meta name=\"twitter:data2\" content=\"3\u00a0Minuten\" \/>\n<script type=\"application\/ld+json\" class=\"yoast-schema-graph\">{\"@context\":\"https:\\\/\\\/schema.org\",\"@graph\":[{\"@type\":\"Article\",\"@id\":\"https:\\\/\\\/ceferino.ch\\\/index.php\\\/fr\\\/2023\\\/08\\\/25\\\/je-suis-catholique-2\\\/#article\",\"isPartOf\":{\"@id\":\"https:\\\/\\\/ceferino.ch\\\/index.php\\\/fr\\\/2023\\\/08\\\/25\\\/je-suis-catholique-2\\\/\"},\"author\":{\"name\":\"admin\",\"@id\":\"https:\\\/\\\/ceferino.ch\\\/#\\\/schema\\\/person\\\/a3ad53e1a64043ea399fa38271b5e5b8\"},\"headline\":\"Je suis catholique\",\"datePublished\":\"2023-08-25T12:16:31+00:00\",\"dateModified\":\"2023-08-25T14:18:44+00:00\",\"mainEntityOfPage\":{\"@id\":\"https:\\\/\\\/ceferino.ch\\\/index.php\\\/fr\\\/2023\\\/08\\\/25\\\/je-suis-catholique-2\\\/\"},\"wordCount\":429,\"publisher\":{\"@id\":\"https:\\\/\\\/ceferino.ch\\\/#organization\"},\"image\":{\"@id\":\"https:\\\/\\\/ceferino.ch\\\/index.php\\\/fr\\\/2023\\\/08\\\/25\\\/je-suis-catholique-2\\\/#primaryimage\"},\"thumbnailUrl\":\"https:\\\/\\\/ceferino.ch\\\/wp-content\\\/uploads\\\/2023\\\/08\\\/chery-jacques-richard_tree-of-life-mvg.jpg\",\"articleSection\":[\"Uncategorized\"],\"inLanguage\":\"de-CH\"},{\"@type\":\"WebPage\",\"@id\":\"https:\\\/\\\/ceferino.ch\\\/index.php\\\/fr\\\/2023\\\/08\\\/25\\\/je-suis-catholique-2\\\/\",\"url\":\"https:\\\/\\\/ceferino.ch\\\/index.php\\\/fr\\\/2023\\\/08\\\/25\\\/je-suis-catholique-2\\\/\",\"name\":\"Je suis catholique - Aum\u00f4nerie des Gens du Voyage\",\"isPartOf\":{\"@id\":\"https:\\\/\\\/ceferino.ch\\\/#website\"},\"primaryImageOfPage\":{\"@id\":\"https:\\\/\\\/ceferino.ch\\\/index.php\\\/fr\\\/2023\\\/08\\\/25\\\/je-suis-catholique-2\\\/#primaryimage\"},\"image\":{\"@id\":\"https:\\\/\\\/ceferino.ch\\\/index.php\\\/fr\\\/2023\\\/08\\\/25\\\/je-suis-catholique-2\\\/#primaryimage\"},\"thumbnailUrl\":\"https:\\\/\\\/ceferino.ch\\\/wp-content\\\/uploads\\\/2023\\\/08\\\/chery-jacques-richard_tree-of-life-mvg.jpg\",\"datePublished\":\"2023-08-25T12:16:31+00:00\",\"dateModified\":\"2023-08-25T14:18:44+00:00\",\"breadcrumb\":{\"@id\":\"https:\\\/\\\/ceferino.ch\\\/index.php\\\/fr\\\/2023\\\/08\\\/25\\\/je-suis-catholique-2\\\/#breadcrumb\"},\"inLanguage\":\"de-CH\",\"potentialAction\":[{\"@type\":\"ReadAction\",\"target\":[\"https:\\\/\\\/ceferino.ch\\\/index.php\\\/fr\\\/2023\\\/08\\\/25\\\/je-suis-catholique-2\\\/\"]}]},{\"@type\":\"ImageObject\",\"inLanguage\":\"de-CH\",\"@id\":\"https:\\\/\\\/ceferino.ch\\\/index.php\\\/fr\\\/2023\\\/08\\\/25\\\/je-suis-catholique-2\\\/#primaryimage\",\"url\":\"https:\\\/\\\/ceferino.ch\\\/wp-content\\\/uploads\\\/2023\\\/08\\\/chery-jacques-richard_tree-of-life-mvg.jpg\",\"contentUrl\":\"https:\\\/\\\/ceferino.ch\\\/wp-content\\\/uploads\\\/2023\\\/08\\\/chery-jacques-richard_tree-of-life-mvg.jpg\",\"width\":1024,\"height\":711},{\"@type\":\"BreadcrumbList\",\"@id\":\"https:\\\/\\\/ceferino.ch\\\/index.php\\\/fr\\\/2023\\\/08\\\/25\\\/je-suis-catholique-2\\\/#breadcrumb\",\"itemListElement\":[{\"@type\":\"ListItem\",\"position\":1,\"name\":\"Startseite\",\"item\":\"https:\\\/\\\/ceferino.ch\\\/\"},{\"@type\":\"ListItem\",\"position\":2,\"name\":\"Je suis catholique\"}]},{\"@type\":\"WebSite\",\"@id\":\"https:\\\/\\\/ceferino.ch\\\/#website\",\"url\":\"https:\\\/\\\/ceferino.ch\\\/\",\"name\":\"Aum\u00f4nerie des Gens du Voyage\",\"description\":\"katholische Seelsorge der fahrenden Jenischen und Sinti in der Schweiz\",\"publisher\":{\"@id\":\"https:\\\/\\\/ceferino.ch\\\/#organization\"},\"potentialAction\":[{\"@type\":\"SearchAction\",\"target\":{\"@type\":\"EntryPoint\",\"urlTemplate\":\"https:\\\/\\\/ceferino.ch\\\/?s={search_term_string}\"},\"query-input\":{\"@type\":\"PropertyValueSpecification\",\"valueRequired\":true,\"valueName\":\"search_term_string\"}}],\"inLanguage\":\"de-CH\"},{\"@type\":\"Organization\",\"@id\":\"https:\\\/\\\/ceferino.ch\\\/#organization\",\"name\":\"Aum\u00f4nerie des Gens du Voyage\",\"url\":\"https:\\\/\\\/ceferino.ch\\\/\",\"logo\":{\"@type\":\"ImageObject\",\"inLanguage\":\"de-CH\",\"@id\":\"https:\\\/\\\/ceferino.ch\\\/#\\\/schema\\\/logo\\\/image\\\/\",\"url\":\"https:\\\/\\\/ceferino.ch\\\/wp-content\\\/uploads\\\/2023\\\/08\\\/LogoFahrendenseelsorge.png\",\"contentUrl\":\"https:\\\/\\\/ceferino.ch\\\/wp-content\\\/uploads\\\/2023\\\/08\\\/LogoFahrendenseelsorge.png\",\"width\":350,\"height\":355,\"caption\":\"Aum\u00f4nerie des Gens du Voyage\"},\"image\":{\"@id\":\"https:\\\/\\\/ceferino.ch\\\/#\\\/schema\\\/logo\\\/image\\\/\"}},{\"@type\":\"Person\",\"@id\":\"https:\\\/\\\/ceferino.ch\\\/#\\\/schema\\\/person\\\/a3ad53e1a64043ea399fa38271b5e5b8\",\"name\":\"admin\",\"image\":{\"@type\":\"ImageObject\",\"inLanguage\":\"de-CH\",\"@id\":\"https:\\\/\\\/secure.gravatar.com\\\/avatar\\\/10d03ef641e63e1a0976ff17f3561d53064b9566c82cb17ab4edb2030ca4a5e2?s=96&d=mm&r=g\",\"url\":\"https:\\\/\\\/secure.gravatar.com\\\/avatar\\\/10d03ef641e63e1a0976ff17f3561d53064b9566c82cb17ab4edb2030ca4a5e2?s=96&d=mm&r=g\",\"contentUrl\":\"https:\\\/\\\/secure.gravatar.com\\\/avatar\\\/10d03ef641e63e1a0976ff17f3561d53064b9566c82cb17ab4edb2030ca4a5e2?s=96&d=mm&r=g\",\"caption\":\"admin\"},\"sameAs\":[\"https:\\\/\\\/ceferino.ch\"],\"url\":\"https:\\\/\\\/ceferino.ch\\\/index.php\\\/author\\\/christophalbrecht\\\/\"}]}<\/script>\n<!-- \/ Yoast SEO plugin. -->","yoast_head_json":{"title":"Je suis catholique - Aum\u00f4nerie des Gens du Voyage","robots":{"index":"index","follow":"follow","max-snippet":"max-snippet:-1","max-image-preview":"max-image-preview:large","max-video-preview":"max-video-preview:-1"},"canonical":"https:\/\/ceferino.ch\/index.php\/fr\/2023\/08\/25\/je-suis-catholique-2\/","og_locale":"de_DE","og_type":"article","og_title":"Je suis catholique - Aum\u00f4nerie des Gens du Voyage","og_description":"Je ne suis pas catholique \u00e0 cause des pr\u00eatres, y compris les meilleurs. Et ils sont nombreux. Je ne suis pas catholique \u00e0 cause des \u00e9v\u00eaques, y compris tous les pasteurs authentiques, proches et serviteurs de leur communaut\u00e9. Je ne suis pas catholique \u00e0 cause du pape, pas m\u00eame le plus engag\u00e9 aupr\u00e8s des d\u00e9sh\u00e9rit\u00e9s [&hellip;]","og_url":"https:\/\/ceferino.ch\/index.php\/fr\/2023\/08\/25\/je-suis-catholique-2\/","og_site_name":"Aum\u00f4nerie des Gens du Voyage","article_published_time":"2023-08-25T12:16:31+00:00","article_modified_time":"2023-08-25T14:18:44+00:00","og_image":[{"width":1024,"height":711,"url":"https:\/\/ceferino.ch\/wp-content\/uploads\/2023\/08\/chery-jacques-richard_tree-of-life-mvg.jpg","type":"image\/jpeg"}],"author":"admin","twitter_card":"summary_large_image","twitter_misc":{"Geschrieben von":"admin","Gesch\u00e4tzte Lesezeit":"3\u00a0Minuten"},"schema":{"@context":"https:\/\/schema.org","@graph":[{"@type":"Article","@id":"https:\/\/ceferino.ch\/index.php\/fr\/2023\/08\/25\/je-suis-catholique-2\/#article","isPartOf":{"@id":"https:\/\/ceferino.ch\/index.php\/fr\/2023\/08\/25\/je-suis-catholique-2\/"},"author":{"name":"admin","@id":"https:\/\/ceferino.ch\/#\/schema\/person\/a3ad53e1a64043ea399fa38271b5e5b8"},"headline":"Je suis catholique","datePublished":"2023-08-25T12:16:31+00:00","dateModified":"2023-08-25T14:18:44+00:00","mainEntityOfPage":{"@id":"https:\/\/ceferino.ch\/index.php\/fr\/2023\/08\/25\/je-suis-catholique-2\/"},"wordCount":429,"publisher":{"@id":"https:\/\/ceferino.ch\/#organization"},"image":{"@id":"https:\/\/ceferino.ch\/index.php\/fr\/2023\/08\/25\/je-suis-catholique-2\/#primaryimage"},"thumbnailUrl":"https:\/\/ceferino.ch\/wp-content\/uploads\/2023\/08\/chery-jacques-richard_tree-of-life-mvg.jpg","articleSection":["Uncategorized"],"inLanguage":"de-CH"},{"@type":"WebPage","@id":"https:\/\/ceferino.ch\/index.php\/fr\/2023\/08\/25\/je-suis-catholique-2\/","url":"https:\/\/ceferino.ch\/index.php\/fr\/2023\/08\/25\/je-suis-catholique-2\/","name":"Je suis catholique - Aum\u00f4nerie des Gens du Voyage","isPartOf":{"@id":"https:\/\/ceferino.ch\/#website"},"primaryImageOfPage":{"@id":"https:\/\/ceferino.ch\/index.php\/fr\/2023\/08\/25\/je-suis-catholique-2\/#primaryimage"},"image":{"@id":"https:\/\/ceferino.ch\/index.php\/fr\/2023\/08\/25\/je-suis-catholique-2\/#primaryimage"},"thumbnailUrl":"https:\/\/ceferino.ch\/wp-content\/uploads\/2023\/08\/chery-jacques-richard_tree-of-life-mvg.jpg","datePublished":"2023-08-25T12:16:31+00:00","dateModified":"2023-08-25T14:18:44+00:00","breadcrumb":{"@id":"https:\/\/ceferino.ch\/index.php\/fr\/2023\/08\/25\/je-suis-catholique-2\/#breadcrumb"},"inLanguage":"de-CH","potentialAction":[{"@type":"ReadAction","target":["https:\/\/ceferino.ch\/index.php\/fr\/2023\/08\/25\/je-suis-catholique-2\/"]}]},{"@type":"ImageObject","inLanguage":"de-CH","@id":"https:\/\/ceferino.ch\/index.php\/fr\/2023\/08\/25\/je-suis-catholique-2\/#primaryimage","url":"https:\/\/ceferino.ch\/wp-content\/uploads\/2023\/08\/chery-jacques-richard_tree-of-life-mvg.jpg","contentUrl":"https:\/\/ceferino.ch\/wp-content\/uploads\/2023\/08\/chery-jacques-richard_tree-of-life-mvg.jpg","width":1024,"height":711},{"@type":"BreadcrumbList","@id":"https:\/\/ceferino.ch\/index.php\/fr\/2023\/08\/25\/je-suis-catholique-2\/#breadcrumb","itemListElement":[{"@type":"ListItem","position":1,"name":"Startseite","item":"https:\/\/ceferino.ch\/"},{"@type":"ListItem","position":2,"name":"Je suis catholique"}]},{"@type":"WebSite","@id":"https:\/\/ceferino.ch\/#website","url":"https:\/\/ceferino.ch\/","name":"Aum\u00f4nerie des Gens du Voyage","description":"katholische Seelsorge der fahrenden Jenischen und Sinti in der Schweiz","publisher":{"@id":"https:\/\/ceferino.ch\/#organization"},"potentialAction":[{"@type":"SearchAction","target":{"@type":"EntryPoint","urlTemplate":"https:\/\/ceferino.ch\/?s={search_term_string}"},"query-input":{"@type":"PropertyValueSpecification","valueRequired":true,"valueName":"search_term_string"}}],"inLanguage":"de-CH"},{"@type":"Organization","@id":"https:\/\/ceferino.ch\/#organization","name":"Aum\u00f4nerie des Gens du Voyage","url":"https:\/\/ceferino.ch\/","logo":{"@type":"ImageObject","inLanguage":"de-CH","@id":"https:\/\/ceferino.ch\/#\/schema\/logo\/image\/","url":"https:\/\/ceferino.ch\/wp-content\/uploads\/2023\/08\/LogoFahrendenseelsorge.png","contentUrl":"https:\/\/ceferino.ch\/wp-content\/uploads\/2023\/08\/LogoFahrendenseelsorge.png","width":350,"height":355,"caption":"Aum\u00f4nerie des Gens du Voyage"},"image":{"@id":"https:\/\/ceferino.ch\/#\/schema\/logo\/image\/"}},{"@type":"Person","@id":"https:\/\/ceferino.ch\/#\/schema\/person\/a3ad53e1a64043ea399fa38271b5e5b8","name":"admin","image":{"@type":"ImageObject","inLanguage":"de-CH","@id":"https:\/\/secure.gravatar.com\/avatar\/10d03ef641e63e1a0976ff17f3561d53064b9566c82cb17ab4edb2030ca4a5e2?s=96&d=mm&r=g","url":"https:\/\/secure.gravatar.com\/avatar\/10d03ef641e63e1a0976ff17f3561d53064b9566c82cb17ab4edb2030ca4a5e2?s=96&d=mm&r=g","contentUrl":"https:\/\/secure.gravatar.com\/avatar\/10d03ef641e63e1a0976ff17f3561d53064b9566c82cb17ab4edb2030ca4a5e2?s=96&d=mm&r=g","caption":"admin"},"sameAs":["https:\/\/ceferino.ch"],"url":"https:\/\/ceferino.ch\/index.php\/author\/christophalbrecht\/"}]}},"jetpack_featured_media_url":"https:\/\/ceferino.ch\/wp-content\/uploads\/2023\/08\/chery-jacques-richard_tree-of-life-mvg.jpg","jetpack_sharing_enabled":true,"_links":{"self":[{"href":"https:\/\/ceferino.ch\/index.php\/wp-json\/wp\/v2\/posts\/197","targetHints":{"allow":["GET"]}}],"collection":[{"href":"https:\/\/ceferino.ch\/index.php\/wp-json\/wp\/v2\/posts"}],"about":[{"href":"https:\/\/ceferino.ch\/index.php\/wp-json\/wp\/v2\/types\/post"}],"author":[{"embeddable":true,"href":"https:\/\/ceferino.ch\/index.php\/wp-json\/wp\/v2\/users\/1"}],"replies":[{"embeddable":true,"href":"https:\/\/ceferino.ch\/index.php\/wp-json\/wp\/v2\/comments?post=197"}],"version-history":[{"count":3,"href":"https:\/\/ceferino.ch\/index.php\/wp-json\/wp\/v2\/posts\/197\/revisions"}],"predecessor-version":[{"id":201,"href":"https:\/\/ceferino.ch\/index.php\/wp-json\/wp\/v2\/posts\/197\/revisions\/201"}],"wp:featuredmedia":[{"embeddable":true,"href":"https:\/\/ceferino.ch\/index.php\/wp-json\/wp\/v2\/media\/206"}],"wp:attachment":[{"href":"https:\/\/ceferino.ch\/index.php\/wp-json\/wp\/v2\/media?parent=197"}],"wp:term":[{"taxonomy":"category","embeddable":true,"href":"https:\/\/ceferino.ch\/index.php\/wp-json\/wp\/v2\/categories?post=197"},{"taxonomy":"post_tag","embeddable":true,"href":"https:\/\/ceferino.ch\/index.php\/wp-json\/wp\/v2\/tags?post=197"}],"curies":[{"name":"wp","href":"https:\/\/api.w.org\/{rel}","templated":true}]}}