{"id":195,"date":"2023-08-25T12:15:26","date_gmt":"2023-08-25T12:15:26","guid":{"rendered":"https:\/\/ceferino.ch\/?p=195"},"modified":"2023-08-27T07:05:41","modified_gmt":"2023-08-27T07:05:41","slug":"je-suis-catholique","status":"publish","type":"post","link":"https:\/\/ceferino.ch\/index.php\/2023\/08\/25\/je-suis-catholique\/","title":{"rendered":"Ich bin katholisch"},"content":{"rendered":"\n<p>Ich bin nicht katholisch wegen der Priester, auch nicht wegen der besten. Und es gibt viele von ihnen.<\/p>\n\n\n\n<p>Ich bin nicht katholisch wegen der Bisch\u00f6fe, einschliesslich all der authentischen Hirten, die ihren Gemeinden nahe stehen und ihnen dienen.<\/p>\n\n\n\n<p>Ich bin nicht katholisch wegen des Papstes, nicht einmal wegen des Papstes, der sich am meisten f\u00fcr die Benachteiligten unserer Zeit einsetzt.<\/p>\n\n\n\n<p>Ich bin katholisch wegen der Liebe Gottes zu den Schw\u00e4chsten.<\/p>\n\n\n\n<p>Ich bin katholisch wegen Jesus, dem wahren Menschen, der sterblich ist wie jeder andere.<\/p>\n\n\n\n<p>Ich bin katholisch wegen Jesus, dem Christus, einem vollkommen wahren Menschen, der erf\u00fcllt, was er sagt, und sein ganzes Leben f\u00fcr diejenigen hingibt, die er liebt: unsere prek\u00e4re Menschheit, die von der Tragik des Lebens ersch\u00fcttert und misshandelt wird. Unsere Menschheit, die manchmal von Raubtieren zerschlagen wird, und das sogar inmitten des Hauses, das das sicherste sein sollte: der Kirche Christi.<\/p>\n\n\n\n<p>Ich bin katholisch wegen der Eucharistie, in der wir zu dem Leib werden, den wir empfangen. Wo wir dazu aufgerufen werden, aus dem Leben Christi zu leben, aus der Tiefe unserer einfachen, gew\u00f6hnlichen Existenz. Ohne Fahnen und ohne Werbung.<\/p>\n\n\n\n<p>Ich bin katholisch, weil ich dem Wort Gottes glaube, das mir erz\u00e4hlt, dass mein Gott die Entscheidung getroffen hat, mit der Menschheit einen Bund zu schliessen, sie aus der Sklaverei und der Verzweiflung zu retten. Das Wort Gottes, das mir von einem Gott erz\u00e4hlt, der sich unbezahlbar, aus reiner Liebe, dazu entschliesst, sich an den Tisch meiner Existenz zu setzen. Jeder Existenz, um sie zu teilen.<\/p>\n\n\n\n<p>Ich bin Katholikin und aus dem Herzen des Winters der Kirche, in dem wir uns aufgrund der Ungeheuerlichkeit der Missbr\u00e4uche und Verbrechen und der Art und Weise, wie sie ungestraft dem Blick der Gerechtigkeit und der Wahrheit entzogen wurden, befinden, versuche ich entschieden, Tag f\u00fcr Tag eine J\u00fcngerin Christi zu werden.<\/p>\n\n\n\n<p>Ich glaube mit meiner ganzen Seele, meinem ganzen Herzen, meinem ganzen Willen und meinem armen Verstand, dass das B\u00f6se und die L\u00fcge nicht siegen werden.<\/p>\n\n\n\n<p>Darin besteht mein t\u00e4glicher Einsatz und meine Hoffnung. Ich bitte darum, dass sie immer st\u00e4rker sein m\u00f6gen als mein Zorn, meine \u00dcberw\u00e4ltigung und mein grosser Kummer. Eine Wut, eine \u00dcberw\u00e4ltigung und eine Trauer, die im Vergleich zu denen der Opfer nur wenig sind.<\/p>\n\n\n\n<div style=\"height:10px\" aria-hidden=\"true\" class=\"wp-block-spacer\"><\/div>\n\n\n\n<p><em>Sr. V\u00e9ronique Margron, Dominikanerin, Theologin und Pr\u00e4sidentin der Konferenz der Ordensm\u00e4nner und Ordensfrauen in Frankreich (CORREF)<\/em>, <em>\u00fcbersetzt aus dem Franz\u00f6sischen von Christoph Albrecht<\/em><\/p>\n\n\n\n<div style=\"height:43px\" aria-hidden=\"true\" class=\"wp-block-spacer\"><\/div>\n","protected":false},"excerpt":{"rendered":"<p>Ich bin nicht katholisch wegen der Priester, auch nicht wegen der besten. Und es gibt viele von ihnen. Ich bin nicht katholisch wegen der Bisch\u00f6fe, einschliesslich all der authentischen Hirten, die ihren Gemeinden nahe stehen und ihnen dienen. Ich bin nicht katholisch wegen des Papstes, nicht einmal wegen des Papstes, der sich am meisten f\u00fcr [&hellip;]<\/p>\n","protected":false},"author":1,"featured_media":205,"comment_status":"closed","ping_status":"closed","sticky":false,"template":"","format":"standard","meta":{"_jetpack_memberships_contains_paid_content":false,"footnotes":""},"categories":[1],"tags":[],"class_list":["post-195","post","type-post","status-publish","format-standard","has-post-thumbnail","hentry","category-uncategorized"],"yoast_head":"<!-- This site is optimized with the Yoast SEO plugin v27.3 - https:\/\/yoast.com\/product\/yoast-seo-wordpress\/ -->\n<title>Ich bin katholisch - Aum\u00f4nerie des Gens du Voyage<\/title>\n<meta name=\"robots\" content=\"index, follow, max-snippet:-1, max-image-preview:large, max-video-preview:-1\" \/>\n<link rel=\"canonical\" href=\"https:\/\/ceferino.ch\/index.php\/2023\/08\/25\/je-suis-catholique\/\" \/>\n<meta property=\"og:locale\" content=\"de_DE\" \/>\n<meta property=\"og:type\" content=\"article\" \/>\n<meta property=\"og:title\" content=\"Ich bin katholisch - Aum\u00f4nerie des Gens du Voyage\" \/>\n<meta property=\"og:description\" content=\"Ich bin nicht katholisch wegen der Priester, auch nicht wegen der besten. Und es gibt viele von ihnen. Ich bin nicht katholisch wegen der Bisch\u00f6fe, einschliesslich all der authentischen Hirten, die ihren Gemeinden nahe stehen und ihnen dienen. Ich bin nicht katholisch wegen des Papstes, nicht einmal wegen des Papstes, der sich am meisten f\u00fcr [&hellip;]\" \/>\n<meta property=\"og:url\" content=\"https:\/\/ceferino.ch\/index.php\/2023\/08\/25\/je-suis-catholique\/\" \/>\n<meta property=\"og:site_name\" content=\"Aum\u00f4nerie des Gens du Voyage\" \/>\n<meta property=\"article:published_time\" content=\"2023-08-25T12:15:26+00:00\" \/>\n<meta property=\"article:modified_time\" content=\"2023-08-27T07:05:41+00:00\" \/>\n<meta property=\"og:image\" content=\"https:\/\/ceferino.ch\/wp-content\/uploads\/2023\/08\/208221178-h-720.jpg\" \/>\n\t<meta property=\"og:image:width\" content=\"1059\" \/>\n\t<meta property=\"og:image:height\" content=\"720\" \/>\n\t<meta property=\"og:image:type\" content=\"image\/jpeg\" \/>\n<meta name=\"author\" content=\"admin\" \/>\n<meta name=\"twitter:card\" content=\"summary_large_image\" \/>\n<meta name=\"twitter:label1\" content=\"Geschrieben von\" \/>\n\t<meta name=\"twitter:data1\" content=\"admin\" \/>\n\t<meta name=\"twitter:label2\" content=\"Gesch\u00e4tzte Lesezeit\" \/>\n\t<meta name=\"twitter:data2\" content=\"3\u00a0Minuten\" \/>\n<script type=\"application\/ld+json\" class=\"yoast-schema-graph\">{\"@context\":\"https:\\\/\\\/schema.org\",\"@graph\":[{\"@type\":\"Article\",\"@id\":\"https:\\\/\\\/ceferino.ch\\\/index.php\\\/2023\\\/08\\\/25\\\/je-suis-catholique\\\/#article\",\"isPartOf\":{\"@id\":\"https:\\\/\\\/ceferino.ch\\\/index.php\\\/2023\\\/08\\\/25\\\/je-suis-catholique\\\/\"},\"author\":{\"name\":\"admin\",\"@id\":\"https:\\\/\\\/ceferino.ch\\\/#\\\/schema\\\/person\\\/a3ad53e1a64043ea399fa38271b5e5b8\"},\"headline\":\"Ich bin katholisch\",\"datePublished\":\"2023-08-25T12:15:26+00:00\",\"dateModified\":\"2023-08-27T07:05:41+00:00\",\"mainEntityOfPage\":{\"@id\":\"https:\\\/\\\/ceferino.ch\\\/index.php\\\/2023\\\/08\\\/25\\\/je-suis-catholique\\\/\"},\"wordCount\":419,\"publisher\":{\"@id\":\"https:\\\/\\\/ceferino.ch\\\/#organization\"},\"image\":{\"@id\":\"https:\\\/\\\/ceferino.ch\\\/index.php\\\/2023\\\/08\\\/25\\\/je-suis-catholique\\\/#primaryimage\"},\"thumbnailUrl\":\"https:\\\/\\\/ceferino.ch\\\/wp-content\\\/uploads\\\/2023\\\/08\\\/208221178-h-720.jpg\",\"articleSection\":[\"Uncategorized\"],\"inLanguage\":\"de-CH\"},{\"@type\":\"WebPage\",\"@id\":\"https:\\\/\\\/ceferino.ch\\\/index.php\\\/2023\\\/08\\\/25\\\/je-suis-catholique\\\/\",\"url\":\"https:\\\/\\\/ceferino.ch\\\/index.php\\\/2023\\\/08\\\/25\\\/je-suis-catholique\\\/\",\"name\":\"Ich bin katholisch - Aum\u00f4nerie des Gens du Voyage\",\"isPartOf\":{\"@id\":\"https:\\\/\\\/ceferino.ch\\\/#website\"},\"primaryImageOfPage\":{\"@id\":\"https:\\\/\\\/ceferino.ch\\\/index.php\\\/2023\\\/08\\\/25\\\/je-suis-catholique\\\/#primaryimage\"},\"image\":{\"@id\":\"https:\\\/\\\/ceferino.ch\\\/index.php\\\/2023\\\/08\\\/25\\\/je-suis-catholique\\\/#primaryimage\"},\"thumbnailUrl\":\"https:\\\/\\\/ceferino.ch\\\/wp-content\\\/uploads\\\/2023\\\/08\\\/208221178-h-720.jpg\",\"datePublished\":\"2023-08-25T12:15:26+00:00\",\"dateModified\":\"2023-08-27T07:05:41+00:00\",\"breadcrumb\":{\"@id\":\"https:\\\/\\\/ceferino.ch\\\/index.php\\\/2023\\\/08\\\/25\\\/je-suis-catholique\\\/#breadcrumb\"},\"inLanguage\":\"de-CH\",\"potentialAction\":[{\"@type\":\"ReadAction\",\"target\":[\"https:\\\/\\\/ceferino.ch\\\/index.php\\\/2023\\\/08\\\/25\\\/je-suis-catholique\\\/\"]}]},{\"@type\":\"ImageObject\",\"inLanguage\":\"de-CH\",\"@id\":\"https:\\\/\\\/ceferino.ch\\\/index.php\\\/2023\\\/08\\\/25\\\/je-suis-catholique\\\/#primaryimage\",\"url\":\"https:\\\/\\\/ceferino.ch\\\/wp-content\\\/uploads\\\/2023\\\/08\\\/208221178-h-720.jpg\",\"contentUrl\":\"https:\\\/\\\/ceferino.ch\\\/wp-content\\\/uploads\\\/2023\\\/08\\\/208221178-h-720.jpg\",\"width\":1059,\"height\":720},{\"@type\":\"BreadcrumbList\",\"@id\":\"https:\\\/\\\/ceferino.ch\\\/index.php\\\/2023\\\/08\\\/25\\\/je-suis-catholique\\\/#breadcrumb\",\"itemListElement\":[{\"@type\":\"ListItem\",\"position\":1,\"name\":\"Startseite\",\"item\":\"https:\\\/\\\/ceferino.ch\\\/\"},{\"@type\":\"ListItem\",\"position\":2,\"name\":\"Ich bin katholisch\"}]},{\"@type\":\"WebSite\",\"@id\":\"https:\\\/\\\/ceferino.ch\\\/#website\",\"url\":\"https:\\\/\\\/ceferino.ch\\\/\",\"name\":\"Aum\u00f4nerie des Gens du Voyage\",\"description\":\"katholische Seelsorge der fahrenden Jenischen und Sinti in der Schweiz\",\"publisher\":{\"@id\":\"https:\\\/\\\/ceferino.ch\\\/#organization\"},\"potentialAction\":[{\"@type\":\"SearchAction\",\"target\":{\"@type\":\"EntryPoint\",\"urlTemplate\":\"https:\\\/\\\/ceferino.ch\\\/?s={search_term_string}\"},\"query-input\":{\"@type\":\"PropertyValueSpecification\",\"valueRequired\":true,\"valueName\":\"search_term_string\"}}],\"inLanguage\":\"de-CH\"},{\"@type\":\"Organization\",\"@id\":\"https:\\\/\\\/ceferino.ch\\\/#organization\",\"name\":\"Aum\u00f4nerie des Gens du Voyage\",\"url\":\"https:\\\/\\\/ceferino.ch\\\/\",\"logo\":{\"@type\":\"ImageObject\",\"inLanguage\":\"de-CH\",\"@id\":\"https:\\\/\\\/ceferino.ch\\\/#\\\/schema\\\/logo\\\/image\\\/\",\"url\":\"https:\\\/\\\/ceferino.ch\\\/wp-content\\\/uploads\\\/2023\\\/08\\\/LogoFahrendenseelsorge.png\",\"contentUrl\":\"https:\\\/\\\/ceferino.ch\\\/wp-content\\\/uploads\\\/2023\\\/08\\\/LogoFahrendenseelsorge.png\",\"width\":350,\"height\":355,\"caption\":\"Aum\u00f4nerie des Gens du Voyage\"},\"image\":{\"@id\":\"https:\\\/\\\/ceferino.ch\\\/#\\\/schema\\\/logo\\\/image\\\/\"}},{\"@type\":\"Person\",\"@id\":\"https:\\\/\\\/ceferino.ch\\\/#\\\/schema\\\/person\\\/a3ad53e1a64043ea399fa38271b5e5b8\",\"name\":\"admin\",\"image\":{\"@type\":\"ImageObject\",\"inLanguage\":\"de-CH\",\"@id\":\"https:\\\/\\\/secure.gravatar.com\\\/avatar\\\/10d03ef641e63e1a0976ff17f3561d53064b9566c82cb17ab4edb2030ca4a5e2?s=96&d=mm&r=g\",\"url\":\"https:\\\/\\\/secure.gravatar.com\\\/avatar\\\/10d03ef641e63e1a0976ff17f3561d53064b9566c82cb17ab4edb2030ca4a5e2?s=96&d=mm&r=g\",\"contentUrl\":\"https:\\\/\\\/secure.gravatar.com\\\/avatar\\\/10d03ef641e63e1a0976ff17f3561d53064b9566c82cb17ab4edb2030ca4a5e2?s=96&d=mm&r=g\",\"caption\":\"admin\"},\"sameAs\":[\"https:\\\/\\\/ceferino.ch\"],\"url\":\"https:\\\/\\\/ceferino.ch\\\/index.php\\\/author\\\/christophalbrecht\\\/\"}]}<\/script>\n<!-- \/ Yoast SEO plugin. -->","yoast_head_json":{"title":"Ich bin katholisch - Aum\u00f4nerie des Gens du Voyage","robots":{"index":"index","follow":"follow","max-snippet":"max-snippet:-1","max-image-preview":"max-image-preview:large","max-video-preview":"max-video-preview:-1"},"canonical":"https:\/\/ceferino.ch\/index.php\/2023\/08\/25\/je-suis-catholique\/","og_locale":"de_DE","og_type":"article","og_title":"Ich bin katholisch - Aum\u00f4nerie des Gens du Voyage","og_description":"Ich bin nicht katholisch wegen der Priester, auch nicht wegen der besten. Und es gibt viele von ihnen. Ich bin nicht katholisch wegen der Bisch\u00f6fe, einschliesslich all der authentischen Hirten, die ihren Gemeinden nahe stehen und ihnen dienen. Ich bin nicht katholisch wegen des Papstes, nicht einmal wegen des Papstes, der sich am meisten f\u00fcr [&hellip;]","og_url":"https:\/\/ceferino.ch\/index.php\/2023\/08\/25\/je-suis-catholique\/","og_site_name":"Aum\u00f4nerie des Gens du Voyage","article_published_time":"2023-08-25T12:15:26+00:00","article_modified_time":"2023-08-27T07:05:41+00:00","og_image":[{"width":1059,"height":720,"url":"https:\/\/ceferino.ch\/wp-content\/uploads\/2023\/08\/208221178-h-720.jpg","type":"image\/jpeg"}],"author":"admin","twitter_card":"summary_large_image","twitter_misc":{"Geschrieben von":"admin","Gesch\u00e4tzte Lesezeit":"3\u00a0Minuten"},"schema":{"@context":"https:\/\/schema.org","@graph":[{"@type":"Article","@id":"https:\/\/ceferino.ch\/index.php\/2023\/08\/25\/je-suis-catholique\/#article","isPartOf":{"@id":"https:\/\/ceferino.ch\/index.php\/2023\/08\/25\/je-suis-catholique\/"},"author":{"name":"admin","@id":"https:\/\/ceferino.ch\/#\/schema\/person\/a3ad53e1a64043ea399fa38271b5e5b8"},"headline":"Ich bin katholisch","datePublished":"2023-08-25T12:15:26+00:00","dateModified":"2023-08-27T07:05:41+00:00","mainEntityOfPage":{"@id":"https:\/\/ceferino.ch\/index.php\/2023\/08\/25\/je-suis-catholique\/"},"wordCount":419,"publisher":{"@id":"https:\/\/ceferino.ch\/#organization"},"image":{"@id":"https:\/\/ceferino.ch\/index.php\/2023\/08\/25\/je-suis-catholique\/#primaryimage"},"thumbnailUrl":"https:\/\/ceferino.ch\/wp-content\/uploads\/2023\/08\/208221178-h-720.jpg","articleSection":["Uncategorized"],"inLanguage":"de-CH"},{"@type":"WebPage","@id":"https:\/\/ceferino.ch\/index.php\/2023\/08\/25\/je-suis-catholique\/","url":"https:\/\/ceferino.ch\/index.php\/2023\/08\/25\/je-suis-catholique\/","name":"Ich bin katholisch - Aum\u00f4nerie des Gens du Voyage","isPartOf":{"@id":"https:\/\/ceferino.ch\/#website"},"primaryImageOfPage":{"@id":"https:\/\/ceferino.ch\/index.php\/2023\/08\/25\/je-suis-catholique\/#primaryimage"},"image":{"@id":"https:\/\/ceferino.ch\/index.php\/2023\/08\/25\/je-suis-catholique\/#primaryimage"},"thumbnailUrl":"https:\/\/ceferino.ch\/wp-content\/uploads\/2023\/08\/208221178-h-720.jpg","datePublished":"2023-08-25T12:15:26+00:00","dateModified":"2023-08-27T07:05:41+00:00","breadcrumb":{"@id":"https:\/\/ceferino.ch\/index.php\/2023\/08\/25\/je-suis-catholique\/#breadcrumb"},"inLanguage":"de-CH","potentialAction":[{"@type":"ReadAction","target":["https:\/\/ceferino.ch\/index.php\/2023\/08\/25\/je-suis-catholique\/"]}]},{"@type":"ImageObject","inLanguage":"de-CH","@id":"https:\/\/ceferino.ch\/index.php\/2023\/08\/25\/je-suis-catholique\/#primaryimage","url":"https:\/\/ceferino.ch\/wp-content\/uploads\/2023\/08\/208221178-h-720.jpg","contentUrl":"https:\/\/ceferino.ch\/wp-content\/uploads\/2023\/08\/208221178-h-720.jpg","width":1059,"height":720},{"@type":"BreadcrumbList","@id":"https:\/\/ceferino.ch\/index.php\/2023\/08\/25\/je-suis-catholique\/#breadcrumb","itemListElement":[{"@type":"ListItem","position":1,"name":"Startseite","item":"https:\/\/ceferino.ch\/"},{"@type":"ListItem","position":2,"name":"Ich bin katholisch"}]},{"@type":"WebSite","@id":"https:\/\/ceferino.ch\/#website","url":"https:\/\/ceferino.ch\/","name":"Aum\u00f4nerie des Gens du Voyage","description":"katholische Seelsorge der fahrenden Jenischen und Sinti in der Schweiz","publisher":{"@id":"https:\/\/ceferino.ch\/#organization"},"potentialAction":[{"@type":"SearchAction","target":{"@type":"EntryPoint","urlTemplate":"https:\/\/ceferino.ch\/?s={search_term_string}"},"query-input":{"@type":"PropertyValueSpecification","valueRequired":true,"valueName":"search_term_string"}}],"inLanguage":"de-CH"},{"@type":"Organization","@id":"https:\/\/ceferino.ch\/#organization","name":"Aum\u00f4nerie des Gens du Voyage","url":"https:\/\/ceferino.ch\/","logo":{"@type":"ImageObject","inLanguage":"de-CH","@id":"https:\/\/ceferino.ch\/#\/schema\/logo\/image\/","url":"https:\/\/ceferino.ch\/wp-content\/uploads\/2023\/08\/LogoFahrendenseelsorge.png","contentUrl":"https:\/\/ceferino.ch\/wp-content\/uploads\/2023\/08\/LogoFahrendenseelsorge.png","width":350,"height":355,"caption":"Aum\u00f4nerie des Gens du Voyage"},"image":{"@id":"https:\/\/ceferino.ch\/#\/schema\/logo\/image\/"}},{"@type":"Person","@id":"https:\/\/ceferino.ch\/#\/schema\/person\/a3ad53e1a64043ea399fa38271b5e5b8","name":"admin","image":{"@type":"ImageObject","inLanguage":"de-CH","@id":"https:\/\/secure.gravatar.com\/avatar\/10d03ef641e63e1a0976ff17f3561d53064b9566c82cb17ab4edb2030ca4a5e2?s=96&d=mm&r=g","url":"https:\/\/secure.gravatar.com\/avatar\/10d03ef641e63e1a0976ff17f3561d53064b9566c82cb17ab4edb2030ca4a5e2?s=96&d=mm&r=g","contentUrl":"https:\/\/secure.gravatar.com\/avatar\/10d03ef641e63e1a0976ff17f3561d53064b9566c82cb17ab4edb2030ca4a5e2?s=96&d=mm&r=g","caption":"admin"},"sameAs":["https:\/\/ceferino.ch"],"url":"https:\/\/ceferino.ch\/index.php\/author\/christophalbrecht\/"}]}},"jetpack_featured_media_url":"https:\/\/ceferino.ch\/wp-content\/uploads\/2023\/08\/208221178-h-720.jpg","jetpack_sharing_enabled":true,"_links":{"self":[{"href":"https:\/\/ceferino.ch\/index.php\/wp-json\/wp\/v2\/posts\/195","targetHints":{"allow":["GET"]}}],"collection":[{"href":"https:\/\/ceferino.ch\/index.php\/wp-json\/wp\/v2\/posts"}],"about":[{"href":"https:\/\/ceferino.ch\/index.php\/wp-json\/wp\/v2\/types\/post"}],"author":[{"embeddable":true,"href":"https:\/\/ceferino.ch\/index.php\/wp-json\/wp\/v2\/users\/1"}],"replies":[{"embeddable":true,"href":"https:\/\/ceferino.ch\/index.php\/wp-json\/wp\/v2\/comments?post=195"}],"version-history":[{"count":5,"href":"https:\/\/ceferino.ch\/index.php\/wp-json\/wp\/v2\/posts\/195\/revisions"}],"predecessor-version":[{"id":212,"href":"https:\/\/ceferino.ch\/index.php\/wp-json\/wp\/v2\/posts\/195\/revisions\/212"}],"wp:featuredmedia":[{"embeddable":true,"href":"https:\/\/ceferino.ch\/index.php\/wp-json\/wp\/v2\/media\/205"}],"wp:attachment":[{"href":"https:\/\/ceferino.ch\/index.php\/wp-json\/wp\/v2\/media?parent=195"}],"wp:term":[{"taxonomy":"category","embeddable":true,"href":"https:\/\/ceferino.ch\/index.php\/wp-json\/wp\/v2\/categories?post=195"},{"taxonomy":"post_tag","embeddable":true,"href":"https:\/\/ceferino.ch\/index.php\/wp-json\/wp\/v2\/tags?post=195"}],"curies":[{"name":"wp","href":"https:\/\/api.w.org\/{rel}","templated":true}]}}